{"id":1366,"date":"2023-12-15T11:37:57","date_gmt":"2023-12-15T11:37:57","guid":{"rendered":"https:\/\/www.rtvmeinverein.at\/?p=1366"},"modified":"2023-12-15T11:40:14","modified_gmt":"2023-12-15T11:40:14","slug":"strafanzeige-gegen-von-der-leyen-tedros-und-gates-eingebracht","status":"publish","type":"post","link":"https:\/\/www.rtvmeinverein.at\/index.php\/2023\/12\/15\/strafanzeige-gegen-von-der-leyen-tedros-und-gates-eingebracht\/","title":{"rendered":"Strafanzeige gegen von der Leyen, Tedros und Gates eingebracht"},"content":{"rendered":"\n<figure class=\"wp-block-image aligncenter size-full is-resized\"><img decoding=\"async\" loading=\"lazy\" src=\"https:\/\/www.rtvmeinverein.at\/wp-content\/uploads\/2023\/12\/Ursula_von_der_Leyen.jpg\" alt=\"\" class=\"wp-image-1369\" width=\"356\" height=\"413\"\/><\/figure>\n\n\n\n<p>Die Enth\u00fcllungen der letzten Monate haben gezeigt, dass den Vernatwortlichen bez\u00fcglich der Impfstoff-Beschaffung durchaus bekannt und bewusst war, dass der neuartige mRNA-Impfstoff keinesfalls vor einer Ansteckung sch\u00fctzen w\u00fcrde, so wie das eigentlich von den zust\u00e4ndigen Politikern und &#8220;Experten&#8221; versprochen wurde. Und auch \u00fcber die Risiken war man sich im Klaren, die Verantwortung w\u00e4lzte die EU jedoch gekonnt auf die Mitgleidsstaaten ab, so wie das aus den Pfizer-Vorabkaufvertr\u00e4gen hervorgeht. Nun wurde durch zwei Menschenrechtsorganisationen eine Strafanzeige gegen die Verantwortlichen, darunter EU-Kommissionspr\u00e4sidentin Ursula von der Leyen, WHO-Chef Tedros und Aktion\u00e4r Bill Gates, am Internationalem Strafgerichtshof in Den Haag eingebracht. Als Grund f\u00fcr die Anzeige werden zahlreiche Verst\u00f6\u00dfe gegen den N\u00fcrnberger Kodex, Verbrechen gegen die Menschlichkeit, das Verbrechen des V\u00f6lkermords und Kriegsverbrechen durch mehrere Personen genannt.<\/p>\n\n\n\n<figure class=\"wp-block-embed is-type-wp-embed is-provider-tkp-at wp-block-embed-tkp-at\"><div class=\"wp-block-embed__wrapper\">\n<blockquote class=\"wp-embedded-content\" data-secret=\"UhdLLQVMJu\"><a href=\"https:\/\/tkp.at\/2023\/12\/04\/anzeige-gegen-leyen-gates-tedros-in-den-haag-eingebracht\/\">Anzeige gegen Leyen, Gates, Tedros in Den Haag eingebracht<\/a><\/blockquote><iframe class=\"wp-embedded-content\" sandbox=\"allow-scripts\" security=\"restricted\" style=\"position: absolute; clip: rect(1px, 1px, 1px, 1px);\" title=\"&#8222;Anzeige gegen Leyen, Gates, Tedros in Den Haag eingebracht&#8220; &#8212; tkp.at\" src=\"https:\/\/tkp.at\/2023\/12\/04\/anzeige-gegen-leyen-gates-tedros-in-den-haag-eingebracht\/embed\/#?secret=mjZzXeQvEb#?secret=UhdLLQVMJu\" data-secret=\"UhdLLQVMJu\" width=\"600\" height=\"338\" frameborder=\"0\" marginwidth=\"0\" marginheight=\"0\" scrolling=\"no\"><\/iframe>\n<\/div><\/figure>\n","protected":false},"excerpt":{"rendered":"<p>Die Enth\u00fcllungen der letzten Monate haben gezeigt, dass den Vernatwortlichen bez\u00fcglich der Impfstoff-Beschaffung durchaus bekannt und bewusst war, dass der neuartige mRNA-Impfstoff keinesfalls vor einer Ansteckung sch\u00fctzen w\u00fcrde, so wie das eigentlich von den zust\u00e4ndigen Politikern und &#8220;Experten&#8221; versprochen wurde. Und auch \u00fcber die Risiken war man sich im Klaren, die Verantwortung w\u00e4lzte die EU [&hellip;]<\/p>\n","protected":false},"author":1,"featured_media":1369,"comment_status":"closed","ping_status":"open","sticky":false,"template":"","format":"standard","meta":[],"categories":[13],"tags":[],"_links":{"self":[{"href":"https:\/\/www.rtvmeinverein.at\/index.php\/wp-json\/wp\/v2\/posts\/1366"}],"collection":[{"href":"https:\/\/www.rtvmeinverein.at\/index.php\/wp-json\/wp\/v2\/posts"}],"about":[{"href":"https:\/\/www.rtvmeinverein.at\/index.php\/wp-json\/wp\/v2\/types\/post"}],"author":[{"embeddable":true,"href":"https:\/\/www.rtvmeinverein.at\/index.php\/wp-json\/wp\/v2\/users\/1"}],"replies":[{"embeddable":true,"href":"https:\/\/www.rtvmeinverein.at\/index.php\/wp-json\/wp\/v2\/comments?post=1366"}],"version-history":[{"count":3,"href":"https:\/\/www.rtvmeinverein.at\/index.php\/wp-json\/wp\/v2\/posts\/1366\/revisions"}],"predecessor-version":[{"id":1370,"href":"https:\/\/www.rtvmeinverein.at\/index.php\/wp-json\/wp\/v2\/posts\/1366\/revisions\/1370"}],"wp:featuredmedia":[{"embeddable":true,"href":"https:\/\/www.rtvmeinverein.at\/index.php\/wp-json\/wp\/v2\/media\/1369"}],"wp:attachment":[{"href":"https:\/\/www.rtvmeinverein.at\/index.php\/wp-json\/wp\/v2\/media?parent=1366"}],"wp:term":[{"taxonomy":"category","embeddable":true,"href":"https:\/\/www.rtvmeinverein.at\/index.php\/wp-json\/wp\/v2\/categories?post=1366"},{"taxonomy":"post_tag","embeddable":true,"href":"https:\/\/www.rtvmeinverein.at\/index.php\/wp-json\/wp\/v2\/tags?post=1366"}],"curies":[{"name":"wp","href":"https:\/\/api.w.org\/{rel}","templated":true}]}}