{"id":1464,"date":"2024-04-05T08:56:15","date_gmt":"2024-04-05T08:56:15","guid":{"rendered":"https:\/\/www.rtvmeinverein.at\/?p=1464"},"modified":"2024-04-05T09:02:50","modified_gmt":"2024-04-05T09:02:50","slug":"rki-files-chronologie-des-schreckens","status":"publish","type":"post","link":"https:\/\/www.rtvmeinverein.at\/index.php\/2024\/04\/05\/rki-files-chronologie-des-schreckens\/","title":{"rendered":"RKI-Files &#8211; Chronologie des Schreckens"},"content":{"rendered":"\n<figure class=\"wp-block-image aligncenter size-full is-resized\"><img decoding=\"async\" loading=\"lazy\" src=\"https:\/\/www.rtvmeinverein.at\/wp-content\/uploads\/2024\/04\/Wedding_Robert_Koch-Institut_April_2020-002.jpg\" alt=\"\" class=\"wp-image-1465\" width=\"482\" height=\"362\"\/><figcaption class=\"wp-element-caption\">Fridolin freudenfett, CC BY-SA 4.0 <a href=\"https:\/\/creativecommons.org\/licenses\/by-sa\/4.0\">https:\/\/creativecommons.org\/licenses\/by-sa\/4.0<\/a>, via Wikimedia Commons<\/figcaption><\/figure>\n\n\n\n<p>Auch wenn mehr als tausend Passagen geschw\u00e4rzt wurden, zeigen die von dem Online-Medium &#8220;Multipolar&#8221; freigeklagten RKI-Protokolle ein klares Bild. Covid-19 war und ist nicht gef\u00e4hrlicher als die Grippe. Die Einstufung als &#8220;Pandemie&#8221; wurde auf Dr\u00e4ngen eines einzelnen, offenbar externen Akteurs durchgesetzt. Es gab keine Evidenz f\u00fcr eine Maskenpflicht, nicht einmal f\u00fcr FFP2-Masken. Und es war bekannt, dass Lockdowns gef\u00e4hrlicher sind als Corona selbst. Was bedeutet das nun? War die Pandemie in Wirklichkeit nur eine &#8220;Plandemie&#8221;, wie es viele Kritiker der Corona-Ma\u00dfnahmen schon lange betonen? Und welche Auswirkungen haben die Protokolle des Robert Koch Instituts auf \u00d6sterreich? Dar\u00fcber haben wir mit der Grazer \u00c4rztin Dr. Maria Hubmer-Mogg gesprochen.<\/p>\n\n\n\n<figure class=\"wp-block-embed is-type-video is-provider-youtube wp-block-embed-youtube wp-embed-aspect-16-9 wp-has-aspect-ratio\"><div class=\"wp-block-embed__wrapper\">\n<iframe loading=\"lazy\" title=\"Wir sprechen Klartext: RKI-Files - Chronologie des Schreckens\" width=\"1170\" height=\"658\" src=\"https:\/\/www.youtube.com\/embed\/Q9FzprURRTg?feature=oembed\" frameborder=\"0\" allow=\"accelerometer; autoplay; clipboard-write; encrypted-media; gyroscope; picture-in-picture; web-share\" referrerpolicy=\"strict-origin-when-cross-origin\" allowfullscreen><\/iframe>\n<\/div><\/figure>\n","protected":false},"excerpt":{"rendered":"<p>Auch wenn mehr als tausend Passagen geschw\u00e4rzt wurden, zeigen die von dem Online-Medium &#8220;Multipolar&#8221; freigeklagten RKI-Protokolle ein klares Bild. Covid-19 war und ist nicht gef\u00e4hrlicher als die Grippe. Die Einstufung als &#8220;Pandemie&#8221; wurde auf Dr\u00e4ngen eines einzelnen, offenbar externen Akteurs durchgesetzt. Es gab keine Evidenz f\u00fcr eine Maskenpflicht, nicht einmal f\u00fcr FFP2-Masken. Und es war [&hellip;]<\/p>\n","protected":false},"author":1,"featured_media":1465,"comment_status":"closed","ping_status":"open","sticky":false,"template":"","format":"standard","meta":[],"categories":[13],"tags":[],"_links":{"self":[{"href":"https:\/\/www.rtvmeinverein.at\/index.php\/wp-json\/wp\/v2\/posts\/1464"}],"collection":[{"href":"https:\/\/www.rtvmeinverein.at\/index.php\/wp-json\/wp\/v2\/posts"}],"about":[{"href":"https:\/\/www.rtvmeinverein.at\/index.php\/wp-json\/wp\/v2\/types\/post"}],"author":[{"embeddable":true,"href":"https:\/\/www.rtvmeinverein.at\/index.php\/wp-json\/wp\/v2\/users\/1"}],"replies":[{"embeddable":true,"href":"https:\/\/www.rtvmeinverein.at\/index.php\/wp-json\/wp\/v2\/comments?post=1464"}],"version-history":[{"count":2,"href":"https:\/\/www.rtvmeinverein.at\/index.php\/wp-json\/wp\/v2\/posts\/1464\/revisions"}],"predecessor-version":[{"id":1470,"href":"https:\/\/www.rtvmeinverein.at\/index.php\/wp-json\/wp\/v2\/posts\/1464\/revisions\/1470"}],"wp:featuredmedia":[{"embeddable":true,"href":"https:\/\/www.rtvmeinverein.at\/index.php\/wp-json\/wp\/v2\/media\/1465"}],"wp:attachment":[{"href":"https:\/\/www.rtvmeinverein.at\/index.php\/wp-json\/wp\/v2\/media?parent=1464"}],"wp:term":[{"taxonomy":"category","embeddable":true,"href":"https:\/\/www.rtvmeinverein.at\/index.php\/wp-json\/wp\/v2\/categories?post=1464"},{"taxonomy":"post_tag","embeddable":true,"href":"https:\/\/www.rtvmeinverein.at\/index.php\/wp-json\/wp\/v2\/tags?post=1464"}],"curies":[{"name":"wp","href":"https:\/\/api.w.org\/{rel}","templated":true}]}}