{"id":1529,"date":"2024-08-19T06:35:53","date_gmt":"2024-08-19T06:35:53","guid":{"rendered":"https:\/\/www.rtvmeinverein.at\/?p=1529"},"modified":"2024-08-21T07:01:00","modified_gmt":"2024-08-21T07:01:00","slug":"indoktrination-unserer-kinder-die-psychologischen-folgen-der-gender-ideologie","status":"publish","type":"post","link":"https:\/\/www.rtvmeinverein.at\/index.php\/2024\/08\/19\/indoktrination-unserer-kinder-die-psychologischen-folgen-der-gender-ideologie\/","title":{"rendered":"Indoktrination unserer Kinder &#8211; Die psychologischen Folgen der Gender-Ideologie"},"content":{"rendered":"\n<figure class=\"wp-block-image aligncenter size-full is-resized\"><img decoding=\"async\" loading=\"lazy\" src=\"https:\/\/www.rtvmeinverein.at\/wp-content\/uploads\/2024\/08\/Combotrans.svg_.png\" alt=\"\" class=\"wp-image-1530\" width=\"297\" height=\"297\"\/><\/figure>\n\n\n\n<p>Die LGBTQ-Agenda wird immer h\u00e4ufiger als ein beispielloser Angriff auf die grundlegende Einheit jeder Gesellschaft \u2013 die Familie \u2013 betrachtet. Nicht nur in den USA, sondern auch in \u00d6sterreich versucht der Staat immer mehr in die Privatsph\u00e4re der B\u00fcrger vorzudringen und das Fundament Familie zu untergraben. Was steckt dahinter und wie gef\u00e4hrlich ist dieser Angriff. Dar\u00fcber sprechen wir jetzt Klartext mit Dr. Christian Spaemann, er war lange Leiter psychiatrischer Abteilungen in Kliniken und ist als Facharzt f\u00fcr Psychiatrie mit seiner eigenen Praxis unmittelbar mit den sch\u00e4dlichen Auswirkungen dieser Ideologie konfrontiert.<\/p>\n\n\n\n<figure class=\"wp-block-embed is-type-video is-provider-youtube wp-block-embed-youtube wp-embed-aspect-16-9 wp-has-aspect-ratio\"><div class=\"wp-block-embed__wrapper\">\n<iframe loading=\"lazy\" title=\"Indoktrination unserer Kinder - Die Psychologischen Folgen der Gender-Ideologie\" width=\"1170\" height=\"658\" src=\"https:\/\/www.youtube.com\/embed\/ai84VhmrDvQ?feature=oembed\" frameborder=\"0\" allow=\"accelerometer; autoplay; clipboard-write; encrypted-media; gyroscope; picture-in-picture; web-share\" referrerpolicy=\"strict-origin-when-cross-origin\" allowfullscreen><\/iframe>\n<\/div><\/figure>\n","protected":false},"excerpt":{"rendered":"<p>Die LGBTQ-Agenda wird immer h\u00e4ufiger als ein beispielloser Angriff auf die grundlegende Einheit jeder Gesellschaft \u2013 die Familie \u2013 betrachtet. Nicht nur in den USA, sondern auch in \u00d6sterreich versucht der Staat immer mehr in die Privatsph\u00e4re der B\u00fcrger vorzudringen und das Fundament Familie zu untergraben. Was steckt dahinter und wie gef\u00e4hrlich ist dieser Angriff. [&hellip;]<\/p>\n","protected":false},"author":1,"featured_media":1530,"comment_status":"closed","ping_status":"open","sticky":false,"template":"","format":"standard","meta":[],"categories":[1],"tags":[],"_links":{"self":[{"href":"https:\/\/www.rtvmeinverein.at\/index.php\/wp-json\/wp\/v2\/posts\/1529"}],"collection":[{"href":"https:\/\/www.rtvmeinverein.at\/index.php\/wp-json\/wp\/v2\/posts"}],"about":[{"href":"https:\/\/www.rtvmeinverein.at\/index.php\/wp-json\/wp\/v2\/types\/post"}],"author":[{"embeddable":true,"href":"https:\/\/www.rtvmeinverein.at\/index.php\/wp-json\/wp\/v2\/users\/1"}],"replies":[{"embeddable":true,"href":"https:\/\/www.rtvmeinverein.at\/index.php\/wp-json\/wp\/v2\/comments?post=1529"}],"version-history":[{"count":3,"href":"https:\/\/www.rtvmeinverein.at\/index.php\/wp-json\/wp\/v2\/posts\/1529\/revisions"}],"predecessor-version":[{"id":1545,"href":"https:\/\/www.rtvmeinverein.at\/index.php\/wp-json\/wp\/v2\/posts\/1529\/revisions\/1545"}],"wp:featuredmedia":[{"embeddable":true,"href":"https:\/\/www.rtvmeinverein.at\/index.php\/wp-json\/wp\/v2\/media\/1530"}],"wp:attachment":[{"href":"https:\/\/www.rtvmeinverein.at\/index.php\/wp-json\/wp\/v2\/media?parent=1529"}],"wp:term":[{"taxonomy":"category","embeddable":true,"href":"https:\/\/www.rtvmeinverein.at\/index.php\/wp-json\/wp\/v2\/categories?post=1529"},{"taxonomy":"post_tag","embeddable":true,"href":"https:\/\/www.rtvmeinverein.at\/index.php\/wp-json\/wp\/v2\/tags?post=1529"}],"curies":[{"name":"wp","href":"https:\/\/api.w.org\/{rel}","templated":true}]}}