{"id":1578,"date":"2024-10-11T08:12:51","date_gmt":"2024-10-11T08:12:51","guid":{"rendered":"https:\/\/www.rtvmeinverein.at\/?p=1578"},"modified":"2024-10-11T08:22:58","modified_gmt":"2024-10-11T08:22:58","slug":"nazivergleiche-wenn-kunst-zur-provokation-wird","status":"publish","type":"post","link":"https:\/\/www.rtvmeinverein.at\/index.php\/2024\/10\/11\/nazivergleiche-wenn-kunst-zur-provokation-wird\/","title":{"rendered":"Nazivergleiche: Wenn Kunst zur Provokation wird\u00a0"},"content":{"rendered":"\n<figure class=\"wp-block-image aligncenter size-large is-resized\"><img decoding=\"async\" loading=\"lazy\" src=\"https:\/\/www.rtvmeinverein.at\/wp-content\/uploads\/2024\/10\/Bildschirmfoto_11-10-2024_101210_www.youtube.com_-1024x516.jpeg\" alt=\"\" class=\"wp-image-1579\" width=\"604\" height=\"304\"\/><\/figure>\n\n\n\n<p>W\u00e4hrend sich bei der &#8220;Denkzettelwahl&#8221; klar gezeigt hat, dass die \u00d6sterreicher genug von Hass, Hetze und Spaltungspolitik haben und die Regierungsparteien klar abgew\u00e4hlt wurden, \u00fcberschl\u00e4gt sich die linkswoke Blase nun vor blinder Wut. Bereits w\u00e4hrend des Wahlkampfes sprengte man jegliche Grenzen des schlechten Geschmacks und verglich Kickl und die FP\u00d6 in derben Videos, Bildern und Volkstheaterinszenierungen mit Hitler und den Nazis. Wie derartige Vergleiche aus juristischer Sicht zu betrachten sind, wie weit die Freiheit der Kunst gehen darf und warum an anderer Stelle mit einem anderen Ma\u00df gemessen wird, dar\u00fcber unterhalten wir uns heute mit Rechtsanwalt Mag. Alexander Todor-Kostic.<\/p>\n\n\n\n<figure class=\"wp-block-embed is-type-video is-provider-youtube wp-block-embed-youtube wp-embed-aspect-16-9 wp-has-aspect-ratio\"><div class=\"wp-block-embed__wrapper\">\n<iframe loading=\"lazy\" title=\"Nazivergleiche: Wenn Kunst zur Provokation wird - Z\u00fcndstoff mit Edith Br\u00f6tzner\" width=\"1170\" height=\"658\" src=\"https:\/\/www.youtube.com\/embed\/sHasWwq5hlM?feature=oembed\" frameborder=\"0\" allow=\"accelerometer; autoplay; clipboard-write; encrypted-media; gyroscope; picture-in-picture; web-share\" referrerpolicy=\"strict-origin-when-cross-origin\" allowfullscreen><\/iframe>\n<\/div><\/figure>\n","protected":false},"excerpt":{"rendered":"<p>W\u00e4hrend sich bei der &#8220;Denkzettelwahl&#8221; klar gezeigt hat, dass die \u00d6sterreicher genug von Hass, Hetze und Spaltungspolitik haben und die Regierungsparteien klar abgew\u00e4hlt wurden, \u00fcberschl\u00e4gt sich die linkswoke Blase nun vor blinder Wut. Bereits w\u00e4hrend des Wahlkampfes sprengte man jegliche Grenzen des schlechten Geschmacks und verglich Kickl und die FP\u00d6 in derben Videos, Bildern und [&hellip;]<\/p>\n","protected":false},"author":1,"featured_media":1579,"comment_status":"closed","ping_status":"open","sticky":false,"template":"","format":"standard","meta":[],"categories":[1],"tags":[],"_links":{"self":[{"href":"https:\/\/www.rtvmeinverein.at\/index.php\/wp-json\/wp\/v2\/posts\/1578"}],"collection":[{"href":"https:\/\/www.rtvmeinverein.at\/index.php\/wp-json\/wp\/v2\/posts"}],"about":[{"href":"https:\/\/www.rtvmeinverein.at\/index.php\/wp-json\/wp\/v2\/types\/post"}],"author":[{"embeddable":true,"href":"https:\/\/www.rtvmeinverein.at\/index.php\/wp-json\/wp\/v2\/users\/1"}],"replies":[{"embeddable":true,"href":"https:\/\/www.rtvmeinverein.at\/index.php\/wp-json\/wp\/v2\/comments?post=1578"}],"version-history":[{"count":2,"href":"https:\/\/www.rtvmeinverein.at\/index.php\/wp-json\/wp\/v2\/posts\/1578\/revisions"}],"predecessor-version":[{"id":1581,"href":"https:\/\/www.rtvmeinverein.at\/index.php\/wp-json\/wp\/v2\/posts\/1578\/revisions\/1581"}],"wp:featuredmedia":[{"embeddable":true,"href":"https:\/\/www.rtvmeinverein.at\/index.php\/wp-json\/wp\/v2\/media\/1579"}],"wp:attachment":[{"href":"https:\/\/www.rtvmeinverein.at\/index.php\/wp-json\/wp\/v2\/media?parent=1578"}],"wp:term":[{"taxonomy":"category","embeddable":true,"href":"https:\/\/www.rtvmeinverein.at\/index.php\/wp-json\/wp\/v2\/categories?post=1578"},{"taxonomy":"post_tag","embeddable":true,"href":"https:\/\/www.rtvmeinverein.at\/index.php\/wp-json\/wp\/v2\/tags?post=1578"}],"curies":[{"name":"wp","href":"https:\/\/api.w.org\/{rel}","templated":true}]}}