{"id":338,"date":"2023-06-05T09:08:23","date_gmt":"2023-06-05T09:08:23","guid":{"rendered":"http:\/\/bck.rtv-ooe.at\/rtvmeinverein\/?p=338"},"modified":"2023-06-05T13:05:22","modified_gmt":"2023-06-05T13:05:22","slug":"neues-pandemiegesetz-und-kein-ende-fur-das-boostern","status":"publish","type":"post","link":"https:\/\/www.rtvmeinverein.at\/index.php\/2023\/06\/05\/neues-pandemiegesetz-und-kein-ende-fur-das-boostern\/","title":{"rendered":"Neues Pandemiegesetz und kein Ende f\u00fcr das Boostern"},"content":{"rendered":"\n<figure class=\"wp-block-image size-full is-resized\"><img decoding=\"async\" loading=\"lazy\" src=\"https:\/\/www.rtvmeinverein.at\/wp-content\/uploads\/2023\/04\/7270Coronavirus_pandemic_checkpoints_in_Baliuag_33.jpg\" alt=\"\" class=\"wp-image-206\" width=\"718\" height=\"539\"\/><figcaption class=\"wp-element-caption\">Judgefloro, CC0, via Wikimedia Commons<\/figcaption><\/figure>\n\n\n\n<p>Die WHO und die Pandemie, zwei Begriffe, die ganz eng miteinander verbunden sind, hat doch die WHO schon w\u00e4hrend der Corona-Pandemie gro\u00dfteils den Ton vorgegeben. Diesen wird sie auch weiterhin vorgeben, in Zukunft m\u00f6glicherweise sogar etwas sch\u00e4rfer. Der neue Pandmemievertrag soll der WHO n\u00e4mlich noch mehr Freiheiten lassen und dieser dadurch zus\u00e4tzlich Macht verleihen. Durch den Austausch des Begriffs &#8220;Pandemie&#8221;, der im neuen Vertrag &#8220;pandemische Situation&#8221; hei\u00dfen wird, gen\u00fcgt in Zukunft lediglich die Gefahr eines Krankheitenausbruchs f\u00fcr die Installation von Zwangsma\u00dfnahmen, die wir aus den vergangenen Jahren bereits kennen. Die Macht dar\u00fcber liegt aber nicht bei den Staaten selbst, sondern einzig und allein bei der WHO, die bekanntlich von der Pharmaindustrie und anderen privaten Geldgebern gesponsert wird. Die Covid-Impfprogramme sollen jedenfalls bereits diesen Herbst wieder hochgefahren werden, zumindest wenn es nach der europ\u00e4ischen Seuchenbeh\u00f6rde (ECDC) geht. <\/p>\n\n\n\n<p><a href=\"https:\/\/auf1.info\/who-und-eurokraten-bereiten-dauer-pandemie-samt-zwangsmassnahmen-vor\/\" target=\"_blank\" rel=\"noreferrer noopener\">https:\/\/auf1.info\/who-und-eurokraten-bereiten-dauer-pandemie-samt-zwangsmassnahmen-vor\/<\/a><\/p>\n","protected":false},"excerpt":{"rendered":"<p>Die WHO und die Pandemie, zwei Begriffe, die ganz eng miteinander verbunden sind, hat doch die WHO schon w\u00e4hrend der Corona-Pandemie gro\u00dfteils den Ton vorgegeben. Diesen wird sie auch weiterhin vorgeben, in Zukunft m\u00f6glicherweise sogar etwas sch\u00e4rfer. Der neue Pandmemievertrag soll der WHO n\u00e4mlich noch mehr Freiheiten lassen und dieser dadurch zus\u00e4tzlich Macht verleihen. Durch [&hellip;]<\/p>\n","protected":false},"author":1,"featured_media":206,"comment_status":"closed","ping_status":"open","sticky":false,"template":"","format":"standard","meta":[],"categories":[7],"tags":[],"_links":{"self":[{"href":"https:\/\/www.rtvmeinverein.at\/index.php\/wp-json\/wp\/v2\/posts\/338"}],"collection":[{"href":"https:\/\/www.rtvmeinverein.at\/index.php\/wp-json\/wp\/v2\/posts"}],"about":[{"href":"https:\/\/www.rtvmeinverein.at\/index.php\/wp-json\/wp\/v2\/types\/post"}],"author":[{"embeddable":true,"href":"https:\/\/www.rtvmeinverein.at\/index.php\/wp-json\/wp\/v2\/users\/1"}],"replies":[{"embeddable":true,"href":"https:\/\/www.rtvmeinverein.at\/index.php\/wp-json\/wp\/v2\/comments?post=338"}],"version-history":[{"count":3,"href":"https:\/\/www.rtvmeinverein.at\/index.php\/wp-json\/wp\/v2\/posts\/338\/revisions"}],"predecessor-version":[{"id":384,"href":"https:\/\/www.rtvmeinverein.at\/index.php\/wp-json\/wp\/v2\/posts\/338\/revisions\/384"}],"wp:featuredmedia":[{"embeddable":true,"href":"https:\/\/www.rtvmeinverein.at\/index.php\/wp-json\/wp\/v2\/media\/206"}],"wp:attachment":[{"href":"https:\/\/www.rtvmeinverein.at\/index.php\/wp-json\/wp\/v2\/media?parent=338"}],"wp:term":[{"taxonomy":"category","embeddable":true,"href":"https:\/\/www.rtvmeinverein.at\/index.php\/wp-json\/wp\/v2\/categories?post=338"},{"taxonomy":"post_tag","embeddable":true,"href":"https:\/\/www.rtvmeinverein.at\/index.php\/wp-json\/wp\/v2\/tags?post=338"}],"curies":[{"name":"wp","href":"https:\/\/api.w.org\/{rel}","templated":true}]}}