{"id":417,"date":"2023-06-05T13:47:53","date_gmt":"2023-06-05T13:47:53","guid":{"rendered":"http:\/\/bck.rtv-ooe.at\/rtvmeinverein\/?p=417"},"modified":"2023-08-11T22:07:37","modified_gmt":"2023-08-11T22:07:37","slug":"kriege-der-letzten-zwei-jahrzehnte-und-ihre-folgen","status":"publish","type":"post","link":"https:\/\/www.rtvmeinverein.at\/index.php\/2023\/06\/05\/kriege-der-letzten-zwei-jahrzehnte-und-ihre-folgen\/","title":{"rendered":"&#8220;Kriege&#8221; der letzten zwei Jahrzehnte und ihre Folgen"},"content":{"rendered":"\n<figure class=\"wp-block-image aligncenter size-full is-resized\"><img decoding=\"async\" loading=\"lazy\" src=\"https:\/\/www.rtvmeinverein.at\/wp-content\/uploads\/2023\/06\/National_Park_Service_9-11_Statue_of_Liberty_and_WTC_fire.jpg\" alt=\"\" class=\"wp-image-346\" width=\"357\" height=\"271\"\/><figcaption class=\"wp-element-caption\">National Park Service, Public domain, via Wikimedia Commons<\/figcaption><\/figure>\n\n\n\n<p>Es scheint ganz so, als k\u00f6nnte man innerhalb Europas zu keinem Normalzustand mehr zur\u00fcckkehren. Dabei geht es nicht nur um die Corona-Pandemie und ihre Ma\u00dfnahmen, sondern auch um Wirtschaftskrisen, wechselnde Machtverh\u00e4ltnisse und nun die Umweltkrise. Eines haben diese Krisen alle gemein: jede Krise wurde dazu genutzt, wirtschaftliche, soziale, demokratische und individuelle Rechte zu beschneiden.<\/p>\n\n\n\n<p><a href=\"https:\/\/tkp.at\/2023\/03\/29\/vom-krieg-gegen-corona-zum-krieg-gegen-russland\/\" target=\"_blank\" rel=\"noreferrer noopener\">Vom Krieg gegen Corona zum Krieg gegen Russland (tkp.at)<\/a><\/p>\n","protected":false},"excerpt":{"rendered":"<p>Es scheint ganz so, als k\u00f6nnte man innerhalb Europas zu keinem Normalzustand mehr zur\u00fcckkehren. Dabei geht es nicht nur um die Corona-Pandemie und ihre Ma\u00dfnahmen, sondern auch um Wirtschaftskrisen, wechselnde Machtverh\u00e4ltnisse und nun die Umweltkrise. Eines haben diese Krisen alle gemein: jede Krise wurde dazu genutzt, wirtschaftliche, soziale, demokratische und individuelle Rechte zu beschneiden. Vom [&hellip;]<\/p>\n","protected":false},"author":1,"featured_media":346,"comment_status":"closed","ping_status":"open","sticky":false,"template":"","format":"standard","meta":[],"categories":[12],"tags":[],"_links":{"self":[{"href":"https:\/\/www.rtvmeinverein.at\/index.php\/wp-json\/wp\/v2\/posts\/417"}],"collection":[{"href":"https:\/\/www.rtvmeinverein.at\/index.php\/wp-json\/wp\/v2\/posts"}],"about":[{"href":"https:\/\/www.rtvmeinverein.at\/index.php\/wp-json\/wp\/v2\/types\/post"}],"author":[{"embeddable":true,"href":"https:\/\/www.rtvmeinverein.at\/index.php\/wp-json\/wp\/v2\/users\/1"}],"replies":[{"embeddable":true,"href":"https:\/\/www.rtvmeinverein.at\/index.php\/wp-json\/wp\/v2\/comments?post=417"}],"version-history":[{"count":2,"href":"https:\/\/www.rtvmeinverein.at\/index.php\/wp-json\/wp\/v2\/posts\/417\/revisions"}],"predecessor-version":[{"id":1164,"href":"https:\/\/www.rtvmeinverein.at\/index.php\/wp-json\/wp\/v2\/posts\/417\/revisions\/1164"}],"wp:featuredmedia":[{"embeddable":true,"href":"https:\/\/www.rtvmeinverein.at\/index.php\/wp-json\/wp\/v2\/media\/346"}],"wp:attachment":[{"href":"https:\/\/www.rtvmeinverein.at\/index.php\/wp-json\/wp\/v2\/media?parent=417"}],"wp:term":[{"taxonomy":"category","embeddable":true,"href":"https:\/\/www.rtvmeinverein.at\/index.php\/wp-json\/wp\/v2\/categories?post=417"},{"taxonomy":"post_tag","embeddable":true,"href":"https:\/\/www.rtvmeinverein.at\/index.php\/wp-json\/wp\/v2\/tags?post=417"}],"curies":[{"name":"wp","href":"https:\/\/api.w.org\/{rel}","templated":true}]}}