{"id":427,"date":"2023-06-05T13:51:51","date_gmt":"2023-06-05T13:51:51","guid":{"rendered":"http:\/\/bck.rtv-ooe.at\/rtvmeinverein\/?p=427"},"modified":"2023-08-11T22:06:55","modified_gmt":"2023-08-11T22:06:55","slug":"auffrischungsimpfung-wird-fur-einen-grosen-teil-der-bevolkerung-weiterhin-empfohlen","status":"publish","type":"post","link":"https:\/\/www.rtvmeinverein.at\/index.php\/2023\/06\/05\/auffrischungsimpfung-wird-fur-einen-grosen-teil-der-bevolkerung-weiterhin-empfohlen\/","title":{"rendered":"Auffrischungsimpfung wird f\u00fcr einen gro\u00dfen Teil der Bev\u00f6lkerung weiterhin empfohlen"},"content":{"rendered":"\n<figure class=\"is-layout-flex wp-block-gallery-1 wp-block-gallery has-nested-images columns-default is-cropped\">\n<figure class=\"wp-block-image size-large\"><img decoding=\"async\" loading=\"lazy\" width=\"1200\" height=\"800\" data-id=\"210\"  src=\"https:\/\/www.rtvmeinverein.at\/wp-content\/uploads\/2023\/04\/Moderna_COVID-19_vaccine_2021_D-1.jpg\" alt=\"\" class=\"wp-image-210\"\/><figcaption class=\"wp-element-caption\">Commander, U.S. Naval Forces Europe-Africa\/U.S. 6th Fleet, Public domain, via Wikimedia Commons<\/figcaption><\/figure>\n<\/figure>\n\n\n\n<p>Erst k\u00fcrzlich wurde bekannt, dass die STIKO ihre Impfempfehlung f\u00fcr Kinder zur\u00fcckgezogen hat, das stimmt aber so nicht ganz. W\u00e4hrend es in den Medien hei\u00dft, dass die Empfehlung ganzheitlich aufgehoben wurde, bleibt unerw\u00e4hnt, dass sie sehrwohl f\u00fcr einen gro\u00dfen Teil der Kinder und Jugendlichen ab dem 6. Monat empfohlen wird. Kinder, die einer Risikogruppe angeh\u00f6ren und dadurch, wie es hei\u00dft, einen schweren Verlauf bei einer Covid-Erkrankung f\u00fcrchten m\u00fcssen, sollen weiterhin ihre Impfung erhalten und das  heute, zu einer Zeit, in der nicht einmal noch in den Systemmedien von schweren Verl\u00e4ufen gesprochen wird.  Zu den Risikofaktoren z\u00e4hlen aber nicht nur Vorerkrankungen, sondern unter anderem auch Kinder, die zu bald auf die Welt gekommen sind.<br>Auch f\u00fcr die \u00fcber 18-J\u00e4hrigen werden zahlreiche Vorerkrankungen als Grund f\u00fcr eine Auffrischungsimpfung genannt. Damit aber nicht genug. Weiters wird auch f\u00fcr Frauen im geb\u00e4rf\u00e4higen Alter und Schwangere, Besch\u00e4ftigte im Gesundheitswesen und Pfleger und auch f\u00fcr Lehrer und Erzieher die Auffrischungsimpfung empfohlen. Die Impfung bleibt also sehrwohl fester Bestandteil des Systems, obwohl s\u00e4mtliche Folgen und Nebenwirkungen bereits durchaus bekannt sind.<\/p>\n\n\n\n<p><a href=\"https:\/\/tkp.at\/2023\/04\/28\/stiko-empfiehlt-noch-immer-covid-impfung-fuer-kinder\/\" target=\"_blank\" rel=\"noreferrer noopener\">STIKO empfiehlt noch immer Covid-Impfung f\u00fcr Kinder (tkp.at)<\/a><\/p>\n","protected":false},"excerpt":{"rendered":"<p>Erst k\u00fcrzlich wurde bekannt, dass die STIKO ihre Impfempfehlung f\u00fcr Kinder zur\u00fcckgezogen hat, das stimmt aber so nicht ganz. W\u00e4hrend es in den Medien hei\u00dft, dass die Empfehlung ganzheitlich aufgehoben wurde, bleibt unerw\u00e4hnt, dass sie sehrwohl f\u00fcr einen gro\u00dfen Teil der Kinder und Jugendlichen ab dem 6. Monat empfohlen wird. Kinder, die einer Risikogruppe angeh\u00f6ren [&hellip;]<\/p>\n","protected":false},"author":1,"featured_media":210,"comment_status":"closed","ping_status":"open","sticky":false,"template":"","format":"standard","meta":[],"categories":[13],"tags":[],"_links":{"self":[{"href":"https:\/\/www.rtvmeinverein.at\/index.php\/wp-json\/wp\/v2\/posts\/427"}],"collection":[{"href":"https:\/\/www.rtvmeinverein.at\/index.php\/wp-json\/wp\/v2\/posts"}],"about":[{"href":"https:\/\/www.rtvmeinverein.at\/index.php\/wp-json\/wp\/v2\/types\/post"}],"author":[{"embeddable":true,"href":"https:\/\/www.rtvmeinverein.at\/index.php\/wp-json\/wp\/v2\/users\/1"}],"replies":[{"embeddable":true,"href":"https:\/\/www.rtvmeinverein.at\/index.php\/wp-json\/wp\/v2\/comments?post=427"}],"version-history":[{"count":2,"href":"https:\/\/www.rtvmeinverein.at\/index.php\/wp-json\/wp\/v2\/posts\/427\/revisions"}],"predecessor-version":[{"id":1161,"href":"https:\/\/www.rtvmeinverein.at\/index.php\/wp-json\/wp\/v2\/posts\/427\/revisions\/1161"}],"wp:featuredmedia":[{"embeddable":true,"href":"https:\/\/www.rtvmeinverein.at\/index.php\/wp-json\/wp\/v2\/media\/210"}],"wp:attachment":[{"href":"https:\/\/www.rtvmeinverein.at\/index.php\/wp-json\/wp\/v2\/media?parent=427"}],"wp:term":[{"taxonomy":"category","embeddable":true,"href":"https:\/\/www.rtvmeinverein.at\/index.php\/wp-json\/wp\/v2\/categories?post=427"},{"taxonomy":"post_tag","embeddable":true,"href":"https:\/\/www.rtvmeinverein.at\/index.php\/wp-json\/wp\/v2\/tags?post=427"}],"curies":[{"name":"wp","href":"https:\/\/api.w.org\/{rel}","templated":true}]}}